{"id":309,"date":"2026-04-28T10:04:25","date_gmt":"2026-04-28T08:04:25","guid":{"rendered":"https:\/\/tavil.com\/actualidad\/es\/?p=309"},"modified":"2026-04-28T10:04:25","modified_gmt":"2026-04-28T08:04:25","slug":"tavil-en-la-feria-interpack-2026-en-alemania","status":"publish","type":"post","link":"https:\/\/tavil.com\/actualidad\/fr\/2026\/04\/28\/salon-interpack-2026-tavil\/","title":{"rendered":"TAVIL participera au salon Interpack 2026 en Allemagne"},"content":{"rendered":"<p><span style=\"font-weight: 400;\">\u00a0La ville allemande de D\u00fcsseldorf accueillera une nouvelle \u00e9dition du <a href=\"https:\/\/www.interpack-tradefair.fr\/\" target=\"_blank\" rel=\"noopener\">salon Interpack<\/a>, qui se tiendra du 7 au 13 mai, o\u00f9 TAVIL pr\u00e9sentera la nouvelle g\u00e9n\u00e9ration de solutions multiformat et de digitalisation avanc\u00e9e.<\/span><\/p>\n<p><span style=\"font-weight: 400;\">Interpack est l\u2019un des salons internationaux les plus importants du secteur du packaging. Il r\u00e9unit l\u2019ensemble de la cha\u00eene de valeur : machines, mat\u00e9riaux, technologies de process et solutions pour des secteurs tels que l\u2019agroalimentaire, la pharma, les coatings, etc. Il permet \u00e9galement de d\u00e9couvrir les innovations en automatisation, durabilit\u00e9, IA et am\u00e9lioration de l\u2019efficacit\u00e9 productive.<\/span><\/p>\n<p><span style=\"font-weight: 400;\">TAVIL sera pr\u00e9sent avec une d\u00e9monstration en direct de ses solutions d\u2019encaissage et de packaging de fin de ligne. Si vous le souhaitez, demandez un rendez-vous pour voir nos solutions en fonctionnement.<\/span><\/p>\n<p><span style=\"font-weight: 400;\">\u00cates-vous pr\u00eat \u00e0 optimiser votre production ?<\/span><\/p>\n<p><span style=\"font-weight: 400;\"><br \/>\n<\/span><span style=\"font-weight: 400;\"> \ud83d\uddd3\ufe0f Save the date : 7\u201313 mai<\/span><span style=\"font-weight: 400;\"><br \/>\n<\/span><span style=\"font-weight: 400;\"> \ud83d\udccd D\u00fcsseldorf, Hall 14, Stand C21<\/span><\/p>\n<p>&nbsp;<\/p>","protected":false},"excerpt":{"rendered":"<p>\u00a0La ville allemande de D\u00fcsseldorf accueillera une nouvelle \u00e9dition du salon Interpack, qui se tiendra du 7 au 13 mai, o\u00f9 TAVIL pr\u00e9sentera la nouvelle g\u00e9n\u00e9ration de solutions multiformat et de digitalisation avanc\u00e9e. Interpack est l\u2019un des salons internationaux les plus importants du secteur du packaging. Il r\u00e9unit l\u2019ensemble de la cha\u00eene de valeur : [&hellip;]<\/p>\n","protected":false},"author":1,"featured_media":310,"comment_status":"closed","ping_status":"closed","sticky":false,"template":"","format":"standard","meta":{"_acf_changed":false,"footnotes":""},"categories":[7,8],"tags":[60,19,59,39,42,26],"class_list":["post-309","post","type-post","status-publish","format-standard","has-post-thumbnail","hentry","category-empresa","category-tecnologia-tavil","tag-automatizacion","tag-empresa","tag-ferias-y-eventos","tag-innovacion","tag-multiformato","tag-tavil"],"acf":[],"featured_image":{"thumbnail":"https:\/\/tavil.com\/actualidad\/wp-content\/uploads\/2026\/04\/TAVIL-cartell-Fira-Interpack-2026-150x150.jpg","medium":"https:\/\/tavil.com\/actualidad\/wp-content\/uploads\/2026\/04\/TAVIL-cartell-Fira-Interpack-2026-300x300.jpg","large":"https:\/\/tavil.com\/actualidad\/wp-content\/uploads\/2026\/04\/TAVIL-cartell-Fira-Interpack-2026-1024x1024.jpg","full":"https:\/\/tavil.com\/actualidad\/wp-content\/uploads\/2026\/04\/TAVIL-cartell-Fira-Interpack-2026-scaled-e1777363681902.jpg"},"_links":{"self":[{"href":"https:\/\/tavil.com\/actualidad\/fr\/wp-json\/wp\/v2\/posts\/309","targetHints":{"allow":["GET"]}}],"collection":[{"href":"https:\/\/tavil.com\/actualidad\/fr\/wp-json\/wp\/v2\/posts"}],"about":[{"href":"https:\/\/tavil.com\/actualidad\/fr\/wp-json\/wp\/v2\/types\/post"}],"author":[{"embeddable":true,"href":"https:\/\/tavil.com\/actualidad\/fr\/wp-json\/wp\/v2\/users\/1"}],"replies":[{"embeddable":true,"href":"https:\/\/tavil.com\/actualidad\/fr\/wp-json\/wp\/v2\/comments?post=309"}],"version-history":[{"count":1,"href":"https:\/\/tavil.com\/actualidad\/fr\/wp-json\/wp\/v2\/posts\/309\/revisions"}],"predecessor-version":[{"id":311,"href":"https:\/\/tavil.com\/actualidad\/fr\/wp-json\/wp\/v2\/posts\/309\/revisions\/311"}],"wp:featuredmedia":[{"embeddable":true,"href":"https:\/\/tavil.com\/actualidad\/fr\/wp-json\/wp\/v2\/media\/310"}],"wp:attachment":[{"href":"https:\/\/tavil.com\/actualidad\/fr\/wp-json\/wp\/v2\/media?parent=309"}],"wp:term":[{"taxonomy":"category","embeddable":true,"href":"https:\/\/tavil.com\/actualidad\/fr\/wp-json\/wp\/v2\/categories?post=309"},{"taxonomy":"post_tag","embeddable":true,"href":"https:\/\/tavil.com\/actualidad\/fr\/wp-json\/wp\/v2\/tags?post=309"}],"curies":[{"name":"wp","href":"https:\/\/api.w.org\/{rel}","templated":true}]}}