{"id":162,"date":"2025-09-17T15:39:43","date_gmt":"2025-09-17T13:39:43","guid":{"rendered":"https:\/\/tavil.com\/actualidad\/es\/?p=162"},"modified":"2025-10-22T09:32:12","modified_gmt":"2025-10-22T07:32:12","slug":"en-septiembre-tavil-impulsa-la-automatizacion-multiformato-en-tres-ferias-internacionales","status":"publish","type":"post","link":"https:\/\/tavil.com\/actualidad\/fr\/2025\/09\/17\/tavil-_trois_salons_internationaux\/","title":{"rendered":"TAVIL impulse l&rsquo;automatisation multiformat lors de trois salons internationaux en septembre"},"content":{"rendered":"<p>L&rsquo;industrie de l&#8217;emballage est en pleine \u00e9volution. La demande de solutions plus flexibles, durables et adaptables aux changements constants du march\u00e9 a fait de l&rsquo;automatisation multiformat un pilier strat\u00e9gique pour les entreprises dans leurs lignes de production.<\/p>\n<p>La proposition de TAVIL repose sur une architecture modulaire et \u00e9volutive, capable de s&rsquo;int\u00e9grer dans tout environnement industriel. Gr\u00e2ce \u00e0 notre logiciel propri\u00e9taire, d\u00e9velopp\u00e9 sur mesure, chaque installation s&rsquo;adapte aux besoins sp\u00e9cifiques du client.<\/p>\n<p>Ce mois de septembre, TAVIL sera pr\u00e9sent du 24 septembre au 1er octobre lors de trois salons internationaux, o\u00f9 nous pr\u00e9senterons nos solutions d&rsquo;encaissage multiformat et palettisation automatis\u00e9e :<\/p>\n<h3>FACHPACK<\/h3>\n<ul>\n<li>Salon europ\u00e9en de l&#8217;emballage, de la technologie et des proc\u00e9d\u00e9s \ud83d\udccd Nuremberg, 24\u201326 septembre | Hall 1 \/ Stand 1-232<\/li>\n<\/ul>\n<h3>PPMA Show<\/h3>\n<ul>\n<li>\u00c9v\u00e9nement leader britannique en machines de transformation et d&#8217;emballage \ud83d\udccd Birmingham, 24\u201326 septembre | Hall 5 \/ Stand D40<\/li>\n<\/ul>\n<h3>PACK EXPO Las Vegas 2025<\/h3>\n<ul>\n<li>Solutions r\u00e9volutionnaires et innovation en packaging \ud83d\udccd Las Vegas, 29 septembre \u2013 1er octobre | South Hall Upper \/ Booth SU-29042<\/li>\n<\/ul>\n<p>Trois salons strat\u00e9giques pour se connecter avec des professionnels du monde entier, partager des exp\u00e9riences et inspirer de nouvelles fa\u00e7ons d&rsquo;automatiser et d&rsquo;optimiser les processus de production.<\/p>","protected":false},"excerpt":{"rendered":"<p>L&rsquo;industrie de l&#8217;emballage est en pleine \u00e9volution. La demande de solutions plus flexibles, durables et adaptables aux changements constants du march\u00e9 a fait de l&rsquo;automatisation multiformat un pilier strat\u00e9gique pour les entreprises dans leurs lignes de production. La proposition de TAVIL repose sur une architecture modulaire et \u00e9volutive, capable de s&rsquo;int\u00e9grer dans tout environnement industriel. [&hellip;]<\/p>\n","protected":false},"author":1,"featured_media":161,"comment_status":"closed","ping_status":"closed","sticky":false,"template":"","format":"standard","meta":{"_acf_changed":false,"footnotes":""},"categories":[7,11],"tags":[19,59,42,26],"class_list":["post-162","post","type-post","status-publish","format-standard","has-post-thumbnail","hentry","category-empresa","category-eventos","tag-empresa","tag-ferias-y-eventos","tag-multiformato","tag-tavil"],"acf":[],"featured_image":{"thumbnail":"https:\/\/tavil.com\/actualidad\/wp-content\/uploads\/2025\/09\/Captura-de-Pantalla-2025-09-17-a-les-15.24.02-150x150.png","medium":"https:\/\/tavil.com\/actualidad\/wp-content\/uploads\/2025\/09\/Captura-de-Pantalla-2025-09-17-a-les-15.24.02-300x163.png","large":"https:\/\/tavil.com\/actualidad\/wp-content\/uploads\/2025\/09\/Captura-de-Pantalla-2025-09-17-a-les-15.24.02-1024x558.png","full":"https:\/\/tavil.com\/actualidad\/wp-content\/uploads\/2025\/09\/Captura-de-Pantalla-2025-09-17-a-les-15.24.02.png"},"_links":{"self":[{"href":"https:\/\/tavil.com\/actualidad\/fr\/wp-json\/wp\/v2\/posts\/162","targetHints":{"allow":["GET"]}}],"collection":[{"href":"https:\/\/tavil.com\/actualidad\/fr\/wp-json\/wp\/v2\/posts"}],"about":[{"href":"https:\/\/tavil.com\/actualidad\/fr\/wp-json\/wp\/v2\/types\/post"}],"author":[{"embeddable":true,"href":"https:\/\/tavil.com\/actualidad\/fr\/wp-json\/wp\/v2\/users\/1"}],"replies":[{"embeddable":true,"href":"https:\/\/tavil.com\/actualidad\/fr\/wp-json\/wp\/v2\/comments?post=162"}],"version-history":[{"count":2,"href":"https:\/\/tavil.com\/actualidad\/fr\/wp-json\/wp\/v2\/posts\/162\/revisions"}],"predecessor-version":[{"id":196,"href":"https:\/\/tavil.com\/actualidad\/fr\/wp-json\/wp\/v2\/posts\/162\/revisions\/196"}],"wp:featuredmedia":[{"embeddable":true,"href":"https:\/\/tavil.com\/actualidad\/fr\/wp-json\/wp\/v2\/media\/161"}],"wp:attachment":[{"href":"https:\/\/tavil.com\/actualidad\/fr\/wp-json\/wp\/v2\/media?parent=162"}],"wp:term":[{"taxonomy":"category","embeddable":true,"href":"https:\/\/tavil.com\/actualidad\/fr\/wp-json\/wp\/v2\/categories?post=162"},{"taxonomy":"post_tag","embeddable":true,"href":"https:\/\/tavil.com\/actualidad\/fr\/wp-json\/wp\/v2\/tags?post=162"}],"curies":[{"name":"wp","href":"https:\/\/api.w.org\/{rel}","templated":true}]}}