{"id":93,"date":"2025-05-09T08:22:15","date_gmt":"2025-05-09T06:22:15","guid":{"rendered":"https:\/\/tavil.com\/actualidad\/es\/?p=93"},"modified":"2025-10-22T09:49:47","modified_gmt":"2025-10-22T07:49:47","slug":"tavil-en-iffa-2025-innovacion-tecnologia-y-nuevos-retos-en-frankfurt","status":"publish","type":"post","link":"https:\/\/tavil.com\/actualidad\/es\/2025\/05\/09\/tavil-en-iffa-2025-innovacion-tecnologia-y-nuevos-retos-en-frankfurt\/","title":{"rendered":"TAVIL en IFFA 2025: innovaci\u00f3n, tecnolog\u00eda y nuevos retos en Frankfurt"},"content":{"rendered":"<p><\/p>\n<p class=\"\" data-start=\"419\" data-end=\"820\">Del 3 al 8 de mayo, TAVIL particip\u00f3 en <strong data-start=\"458\" data-end=\"471\">IFFA 2025<\/strong>, la feria l\u00edder mundial dedicada al procesamiento y envasado de productos c\u00e1rnicos y prote\u00ednas alternativas. Durante seis intensos d\u00edas en <strong data-start=\"611\" data-end=\"624\">Frankfurt<\/strong>, recibimos a cientos de visitantes de todo el mundo en nuestro stand, interesados en descubrir nuestras <strong data-start=\"759\" data-end=\"819\">\u00faltimas innovaciones en automatizaci\u00f3n de final de l\u00ednea<\/strong>.<\/p>\n<p class=\"\" data-start=\"822\" data-end=\"904\">Nuestros equipos pudieron ver en funcionamiento una <strong data-start=\"874\" data-end=\"903\">amplia gama de soluciones<\/strong>:<\/p>\n<ul data-start=\"905\" data-end=\"1111\">\n<li class=\"\" data-start=\"905\" data-end=\"931\">\n<p class=\"\" data-start=\"907\" data-end=\"931\">Formadoras autom\u00e1ticas<\/p>\n<\/li>\n<li class=\"\" data-start=\"932\" data-end=\"971\">\n<p class=\"\" data-start=\"934\" data-end=\"971\">Robots tipo ara\u00f1a y antropom\u00f3rficos<\/p>\n<\/li>\n<li class=\"\" data-start=\"972\" data-end=\"1007\">\n<p class=\"\" data-start=\"974\" data-end=\"1007\">Sistemas de paletizado avanzado<\/p>\n<\/li>\n<li class=\"\" data-start=\"1008\" data-end=\"1063\">\n<p class=\"\" data-start=\"1010\" data-end=\"1063\">L\u00edneas HFFS (formado, llenado y sellado horizontal)<\/p>\n<\/li>\n<li class=\"\" data-start=\"1064\" data-end=\"1111\">\n<p class=\"\" data-start=\"1066\" data-end=\"1111\">Gesti\u00f3n inteligente de datos y trazabilidad<\/p>\n<\/li>\n<\/ul>\n<p class=\"\" data-start=\"1113\" data-end=\"1308\">TAVIL ha demostrado c\u00f3mo su tecnolog\u00eda <strong data-start=\"1152\" data-end=\"1168\">multiformato<\/strong> permite <strong data-start=\"1177\" data-end=\"1223\">cambios autom\u00e1ticos en menos de 4 segundos<\/strong>, aportando <strong data-start=\"1235\" data-end=\"1280\">eficiencia, flexibilidad y sostenibilidad<\/strong> a la producci\u00f3n industrial.<\/p>\n<p class=\"\" data-start=\"1310\" data-end=\"1509\">Queremos agradecer a todos los que nos visitaron, compartieron sus proyectos con nosotros y confirmaron que la automatizaci\u00f3n sigue siendo una <strong data-start=\"1453\" data-end=\"1508\">clave estrat\u00e9gica para el futuro del sector c\u00e1rnico<\/strong>.<\/p>\n<p class=\"\" data-start=\"1511\" data-end=\"1621\">Volvemos con energ\u00eda renovada y con la motivaci\u00f3n de seguir desarrollando soluciones que marcan la diferencia.<\/p>\n<p><\/p>","protected":false},"excerpt":{"rendered":"<p>Del 3 al 8 de mayo, TAVIL particip\u00f3 en IFFA 2025, la feria l\u00edder mundial dedicada al procesamiento y envasado de productos c\u00e1rnicos y prote\u00ednas alternativas. Durante seis intensos d\u00edas en Frankfurt, recibimos a cientos de visitantes de todo el mundo en nuestro stand, interesados en descubrir nuestras \u00faltimas innovaciones en automatizaci\u00f3n de final de [&hellip;]<\/p>\n","protected":false},"author":1,"featured_media":94,"comment_status":"closed","ping_status":"closed","sticky":false,"template":"","format":"standard","meta":{"_acf_changed":false,"footnotes":""},"categories":[11],"tags":[],"class_list":["post-93","post","type-post","status-publish","format-standard","has-post-thumbnail","hentry","category-eventos"],"acf":[],"featured_image":{"thumbnail":"https:\/\/tavil.com\/actualidad\/wp-content\/uploads\/2025\/05\/foto-equip-150x150.jpg","medium":"https:\/\/tavil.com\/actualidad\/wp-content\/uploads\/2025\/05\/foto-equip-300x163.jpg","large":"https:\/\/tavil.com\/actualidad\/wp-content\/uploads\/2025\/05\/foto-equip-1024x556.jpg","full":"https:\/\/tavil.com\/actualidad\/wp-content\/uploads\/2025\/05\/foto-equip.jpg"},"_links":{"self":[{"href":"https:\/\/tavil.com\/actualidad\/es\/wp-json\/wp\/v2\/posts\/93","targetHints":{"allow":["GET"]}}],"collection":[{"href":"https:\/\/tavil.com\/actualidad\/es\/wp-json\/wp\/v2\/posts"}],"about":[{"href":"https:\/\/tavil.com\/actualidad\/es\/wp-json\/wp\/v2\/types\/post"}],"author":[{"embeddable":true,"href":"https:\/\/tavil.com\/actualidad\/es\/wp-json\/wp\/v2\/users\/1"}],"replies":[{"embeddable":true,"href":"https:\/\/tavil.com\/actualidad\/es\/wp-json\/wp\/v2\/comments?post=93"}],"version-history":[{"count":2,"href":"https:\/\/tavil.com\/actualidad\/es\/wp-json\/wp\/v2\/posts\/93\/revisions"}],"predecessor-version":[{"id":206,"href":"https:\/\/tavil.com\/actualidad\/es\/wp-json\/wp\/v2\/posts\/93\/revisions\/206"}],"wp:featuredmedia":[{"embeddable":true,"href":"https:\/\/tavil.com\/actualidad\/es\/wp-json\/wp\/v2\/media\/94"}],"wp:attachment":[{"href":"https:\/\/tavil.com\/actualidad\/es\/wp-json\/wp\/v2\/media?parent=93"}],"wp:term":[{"taxonomy":"category","embeddable":true,"href":"https:\/\/tavil.com\/actualidad\/es\/wp-json\/wp\/v2\/categories?post=93"},{"taxonomy":"post_tag","embeddable":true,"href":"https:\/\/tavil.com\/actualidad\/es\/wp-json\/wp\/v2\/tags?post=93"}],"curies":[{"name":"wp","href":"https:\/\/api.w.org\/{rel}","templated":true}]}}