{"id":309,"date":"2026-04-28T10:04:25","date_gmt":"2026-04-28T08:04:25","guid":{"rendered":"https:\/\/tavil.com\/actualidad\/es\/?p=309"},"modified":"2026-04-28T10:04:25","modified_gmt":"2026-04-28T08:04:25","slug":"tavil-en-la-feria-interpack-2026-en-alemania","status":"publish","type":"post","link":"https:\/\/tavil.com\/actualidad\/es\/2026\/04\/28\/interpack-2026-tavil\/","title":{"rendered":"TAVIL, en la feria Interpack 2026 en Alemania"},"content":{"rendered":"<p><span style=\"font-weight: 400;\">La ciudad alemanya de D\u00fcsseldorf ser\u00e1 la sede de una nueva edici\u00f3n de la <a href=\"https:\/\/www.interpack.com\/\" target=\"_blank\" rel=\"noopener\">Feria Interpack<\/a>, que tendr\u00e1 lugar entre el 7 y el 13 de mayo, y en la que TAVIL presenta la nueva generaci\u00f3n de soluciones multiformato y digitalizaci\u00f3n avanzada.<\/span><\/p>\n<p><span style=\"font-weight: 400;\">Interpack es una de las ferias internacionales m\u00e1s importantes del sector del packaging. Re\u00fane toda la cadena de valor: maquinaria, materiales, tecnolog\u00edas de proceso y soluciones para sectores como Food, Pharma, Coatings, etc. Adem\u00e1s, permite descubrir la innovaci\u00f3n en automatizaci\u00f3n, sostenibilidad, IA y mejoras en la eficiencia productiva.<\/span><\/p>\n<p><span style=\"font-weight: 400;\">TAVIL estar\u00e1 presente en Interpack con una demostraci\u00f3n en vivo de nuestras soluciones para el encajado y el packaging de final de l\u00ednea. Si lo desea, pida una cita para observar en directo nuestras soluciones.<\/span><\/p>\n<p><span style=\"font-weight: 400;\">\u00bfPreparado para optimizar su producci\u00f3n?\u00a0<\/span><\/p>\n<p><span style=\"font-weight: 400;\">\ud83d\uddd3\ufe0f Save the date: 7\u201313 de mayo<\/span><span style=\"font-weight: 400;\"><br \/>\n<\/span><span style=\"font-weight: 400;\"> \ud83d\udccd D\u00fcsseldorf, Hall 14, Stand C21<\/span><\/p>","protected":false},"excerpt":{"rendered":"<p>La ciudad alemanya de D\u00fcsseldorf ser\u00e1 la sede de una nueva edici\u00f3n de la Feria Interpack, que tendr\u00e1 lugar entre el 7 y el 13 de mayo, y en la que TAVIL presenta la nueva generaci\u00f3n de soluciones multiformato y digitalizaci\u00f3n avanzada. Interpack es una de las ferias internacionales m\u00e1s importantes del sector del packaging. [&hellip;]<\/p>\n","protected":false},"author":1,"featured_media":310,"comment_status":"closed","ping_status":"closed","sticky":false,"template":"","format":"standard","meta":{"_acf_changed":false,"footnotes":""},"categories":[7,8],"tags":[60,19,59,39,42,26],"class_list":["post-309","post","type-post","status-publish","format-standard","has-post-thumbnail","hentry","category-empresa","category-tecnologia-tavil","tag-automatizacion","tag-empresa","tag-ferias-y-eventos","tag-innovacion","tag-multiformato","tag-tavil"],"acf":[],"featured_image":{"thumbnail":"https:\/\/tavil.com\/actualidad\/wp-content\/uploads\/2026\/04\/TAVIL-cartell-Fira-Interpack-2026-150x150.jpg","medium":"https:\/\/tavil.com\/actualidad\/wp-content\/uploads\/2026\/04\/TAVIL-cartell-Fira-Interpack-2026-300x300.jpg","large":"https:\/\/tavil.com\/actualidad\/wp-content\/uploads\/2026\/04\/TAVIL-cartell-Fira-Interpack-2026-1024x1024.jpg","full":"https:\/\/tavil.com\/actualidad\/wp-content\/uploads\/2026\/04\/TAVIL-cartell-Fira-Interpack-2026-scaled-e1777363681902.jpg"},"_links":{"self":[{"href":"https:\/\/tavil.com\/actualidad\/es\/wp-json\/wp\/v2\/posts\/309","targetHints":{"allow":["GET"]}}],"collection":[{"href":"https:\/\/tavil.com\/actualidad\/es\/wp-json\/wp\/v2\/posts"}],"about":[{"href":"https:\/\/tavil.com\/actualidad\/es\/wp-json\/wp\/v2\/types\/post"}],"author":[{"embeddable":true,"href":"https:\/\/tavil.com\/actualidad\/es\/wp-json\/wp\/v2\/users\/1"}],"replies":[{"embeddable":true,"href":"https:\/\/tavil.com\/actualidad\/es\/wp-json\/wp\/v2\/comments?post=309"}],"version-history":[{"count":1,"href":"https:\/\/tavil.com\/actualidad\/es\/wp-json\/wp\/v2\/posts\/309\/revisions"}],"predecessor-version":[{"id":311,"href":"https:\/\/tavil.com\/actualidad\/es\/wp-json\/wp\/v2\/posts\/309\/revisions\/311"}],"wp:featuredmedia":[{"embeddable":true,"href":"https:\/\/tavil.com\/actualidad\/es\/wp-json\/wp\/v2\/media\/310"}],"wp:attachment":[{"href":"https:\/\/tavil.com\/actualidad\/es\/wp-json\/wp\/v2\/media?parent=309"}],"wp:term":[{"taxonomy":"category","embeddable":true,"href":"https:\/\/tavil.com\/actualidad\/es\/wp-json\/wp\/v2\/categories?post=309"},{"taxonomy":"post_tag","embeddable":true,"href":"https:\/\/tavil.com\/actualidad\/es\/wp-json\/wp\/v2\/tags?post=309"}],"curies":[{"name":"wp","href":"https:\/\/api.w.org\/{rel}","templated":true}]}}