{"id":309,"date":"2026-04-28T10:04:25","date_gmt":"2026-04-28T08:04:25","guid":{"rendered":"https:\/\/tavil.com\/actualidad\/es\/?p=309"},"modified":"2026-04-28T10:04:25","modified_gmt":"2026-04-28T08:04:25","slug":"tavil-en-la-feria-interpack-2026-en-alemania","status":"publish","type":"post","link":"https:\/\/tavil.com\/actualidad\/de\/2026\/04\/28\/tavil-interpack-2026-deutschland\/","title":{"rendered":"TAVIL auf der Interpack 2026 in Deutschland"},"content":{"rendered":"<p><span style=\"font-weight: 400;\">Die deutsche Stadt D\u00fcsseldorf ist vom 7. bis 13. Mai Gastgeber der Interpack, auf der TAVIL die neue Generation von Multiformat-L\u00f6sungen und fortschrittlicher Digitalisierung pr\u00e4sentiert.<\/span><\/p>\n<p><span style=\"font-weight: 400;\">Die Interpack ist eine der wichtigsten internationalen Fachmessen der Verpackungsbranche. Sie vereint die gesamte Wertsch\u00f6pfungskette: Maschinen, Materialien, Prozesstechnologien und L\u00f6sungen f\u00fcr Branchen wie Lebensmittel, Pharma, Coatings und weitere. Zudem bietet sie Einblicke in Innovationen in den Bereichen Automatisierung, Nachhaltigkeit, KI und Effizienzsteigerung in der Produktion.<\/span><\/p>\n<p><span style=\"font-weight: 400;\">TAVIL pr\u00e4sentiert eine Live-Demonstration seiner L\u00f6sungen f\u00fcr das End-of-Line-Packaging und die Kartonverpackung. Vereinbaren Sie gerne einen Termin, um unsere L\u00f6sungen live zu erleben.<\/span><\/p>\n<p><span style=\"font-weight: 400;\">Sind Sie bereit, Ihre Produktion zu optimieren?<\/span><\/p>\n<p><span style=\"font-weight: 400;\"><br \/>\n<\/span><span style=\"font-weight: 400;\"> \ud83d\uddd3\ufe0f Save the date: 7.\u201313. Mai<\/span><span style=\"font-weight: 400;\"><br \/>\n<\/span><span style=\"font-weight: 400;\"> \ud83d\udccd D\u00fcsseldorf, Halle 14, Stand C21<\/span><\/p>","protected":false},"excerpt":{"rendered":"<p>Die deutsche Stadt D\u00fcsseldorf ist vom 7. bis 13. Mai Gastgeber der Interpack, auf der TAVIL die neue Generation von Multiformat-L\u00f6sungen und fortschrittlicher Digitalisierung pr\u00e4sentiert. Die Interpack ist eine der wichtigsten internationalen Fachmessen der Verpackungsbranche. Sie vereint die gesamte Wertsch\u00f6pfungskette: Maschinen, Materialien, Prozesstechnologien und L\u00f6sungen f\u00fcr Branchen wie Lebensmittel, Pharma, Coatings und weitere. Zudem bietet [&hellip;]<\/p>\n","protected":false},"author":1,"featured_media":310,"comment_status":"closed","ping_status":"closed","sticky":false,"template":"","format":"standard","meta":{"_acf_changed":false,"footnotes":""},"categories":[7,8],"tags":[60,19,59,39,42,26],"class_list":["post-309","post","type-post","status-publish","format-standard","has-post-thumbnail","hentry","category-empresa","category-tecnologia-tavil","tag-automatizacion","tag-empresa","tag-ferias-y-eventos","tag-innovacion","tag-multiformato","tag-tavil"],"acf":[],"featured_image":{"thumbnail":"https:\/\/tavil.com\/actualidad\/wp-content\/uploads\/2026\/04\/TAVIL-cartell-Fira-Interpack-2026-150x150.jpg","medium":"https:\/\/tavil.com\/actualidad\/wp-content\/uploads\/2026\/04\/TAVIL-cartell-Fira-Interpack-2026-300x300.jpg","large":"https:\/\/tavil.com\/actualidad\/wp-content\/uploads\/2026\/04\/TAVIL-cartell-Fira-Interpack-2026-1024x1024.jpg","full":"https:\/\/tavil.com\/actualidad\/wp-content\/uploads\/2026\/04\/TAVIL-cartell-Fira-Interpack-2026-scaled-e1777363681902.jpg"},"_links":{"self":[{"href":"https:\/\/tavil.com\/actualidad\/de\/wp-json\/wp\/v2\/posts\/309","targetHints":{"allow":["GET"]}}],"collection":[{"href":"https:\/\/tavil.com\/actualidad\/de\/wp-json\/wp\/v2\/posts"}],"about":[{"href":"https:\/\/tavil.com\/actualidad\/de\/wp-json\/wp\/v2\/types\/post"}],"author":[{"embeddable":true,"href":"https:\/\/tavil.com\/actualidad\/de\/wp-json\/wp\/v2\/users\/1"}],"replies":[{"embeddable":true,"href":"https:\/\/tavil.com\/actualidad\/de\/wp-json\/wp\/v2\/comments?post=309"}],"version-history":[{"count":1,"href":"https:\/\/tavil.com\/actualidad\/de\/wp-json\/wp\/v2\/posts\/309\/revisions"}],"predecessor-version":[{"id":311,"href":"https:\/\/tavil.com\/actualidad\/de\/wp-json\/wp\/v2\/posts\/309\/revisions\/311"}],"wp:featuredmedia":[{"embeddable":true,"href":"https:\/\/tavil.com\/actualidad\/de\/wp-json\/wp\/v2\/media\/310"}],"wp:attachment":[{"href":"https:\/\/tavil.com\/actualidad\/de\/wp-json\/wp\/v2\/media?parent=309"}],"wp:term":[{"taxonomy":"category","embeddable":true,"href":"https:\/\/tavil.com\/actualidad\/de\/wp-json\/wp\/v2\/categories?post=309"},{"taxonomy":"post_tag","embeddable":true,"href":"https:\/\/tavil.com\/actualidad\/de\/wp-json\/wp\/v2\/tags?post=309"}],"curies":[{"name":"wp","href":"https:\/\/api.w.org\/{rel}","templated":true}]}}